{"id":128,"date":"2024-08-02T16:53:48","date_gmt":"2024-08-02T14:53:48","guid":{"rendered":"https:\/\/esia-avocats.fr\/?p=128"},"modified":"2024-08-02T17:15:57","modified_gmt":"2024-08-02T15:15:57","slug":"sophie-lanckriet","status":"publish","type":"post","link":"https:\/\/esia-avocats.fr\/index.php\/2024\/08\/02\/sophie-lanckriet\/","title":{"rendered":"Sophie LANCKRIET"},"content":{"rendered":"\n<figure class=\"wp-block-image size-full is-resized\"><img loading=\"lazy\" decoding=\"async\" width=\"100\" height=\"149\" src=\"https:\/\/esia-avocats.fr\/wp-content\/uploads\/2024\/07\/lanckriet.jpg\" alt=\"\" class=\"wp-image-116\" style=\"width:156px;height:auto\"\/><\/figure>\n\n\n\n<p>Avocat<\/p>\n\n\n\n<p>Avocat g\u00e9n\u00e9raliste, Ma\u00eetre Sophie LANCKRIET a commenc\u00e9 son parcours professionnel \u00e0 Beauvais en tant que collaboratrice pour ensuite int\u00e9grer le Barreau de Compi\u00e8gne. Elle est titulaire d&rsquo;un DEA de Droit Priv\u00e9 obtenu \u00e0 l&rsquo;universit\u00e9 de Lille 2 et d\u2019un&nbsp;<a href=\"https:\/\/www.edago.fr\/Le-CAPA-Certificat-d-Aptitude-a-la\" target=\"_blank\" rel=\"noreferrer noopener\">Certificat d&rsquo;Aptitude \u00e0 la profession d&rsquo;avocat<\/a>.<\/p>\n\n\n\n<p>Elle a pr\u00eat\u00e9 serment en audience solennelle le 18 d\u00e9cembre 2003 et a exerc\u00e9 en tant qu\u2019avocat collaborateur, puis avocat associ\u00e9 avant de s\u2019installer \u00e0 titre individuel en 2012.<\/p>\n\n\n\n<p>Depuis le 1er janvier 2022, elle a \u00e9galement succ\u00e9d\u00e9 \u00e0 Ma\u00eetre Claire SOULE qui a pris sa retraite.<\/p>\n\n\n\n<p>Elle est inscrite au Barreau de Compi\u00e8gne et membre du Conseil de l&rsquo;Ordre.<\/p>\n\n\n\n<p>Ma\u00eetre Sophie LANCKRIET a souhait\u00e9 devenir avocat depuis son enfance, aujourd\u2019hui, elle est toujours aussi passionn\u00e9e par son m\u00e9tier qui lui permet de d\u00e9fendre ses clients tout en veillant au respect du secret professionnel et des valeurs de rigueur et d&rsquo;\u00e9thique.<\/p>\n\n\n\n<p><\/p>\n","protected":false},"excerpt":{"rendered":"<p>Avocat Avocat g\u00e9n\u00e9raliste, Ma\u00eetre Sophie LANCKRIET a commenc\u00e9 son parcours professionnel \u00e0 Beauvais en tant que collaboratrice pour ensuite int\u00e9grer le Barreau de Compi\u00e8gne. Elle est titulaire d&rsquo;un DEA de Droit Priv\u00e9 obtenu \u00e0 l&rsquo;universit\u00e9 de Lille 2 et d\u2019un&nbsp;Certificat d&rsquo;Aptitude \u00e0 la profession d&rsquo;avocat. Elle a pr\u00eat\u00e9 serment en audience solennelle le 18 d\u00e9cembre &hellip; <\/p>\n<p class=\"link-more\"><a href=\"https:\/\/esia-avocats.fr\/index.php\/2024\/08\/02\/sophie-lanckriet\/\" class=\"more-link\">Continuer la lecture<span class=\"screen-reader-text\"> de &laquo;&nbsp;Sophie LANCKRIET&nbsp;&raquo;<\/span><\/a><\/p>\n","protected":false},"author":1,"featured_media":0,"comment_status":"closed","ping_status":"","sticky":false,"template":"","format":"standard","meta":{"footnotes":""},"categories":[1],"tags":[],"class_list":["post-128","post","type-post","status-publish","format-standard","hentry","category-non-classe"],"_links":{"self":[{"href":"https:\/\/esia-avocats.fr\/index.php\/wp-json\/wp\/v2\/posts\/128","targetHints":{"allow":["GET"]}}],"collection":[{"href":"https:\/\/esia-avocats.fr\/index.php\/wp-json\/wp\/v2\/posts"}],"about":[{"href":"https:\/\/esia-avocats.fr\/index.php\/wp-json\/wp\/v2\/types\/post"}],"author":[{"embeddable":true,"href":"https:\/\/esia-avocats.fr\/index.php\/wp-json\/wp\/v2\/users\/1"}],"replies":[{"embeddable":true,"href":"https:\/\/esia-avocats.fr\/index.php\/wp-json\/wp\/v2\/comments?post=128"}],"version-history":[{"count":2,"href":"https:\/\/esia-avocats.fr\/index.php\/wp-json\/wp\/v2\/posts\/128\/revisions"}],"predecessor-version":[{"id":139,"href":"https:\/\/esia-avocats.fr\/index.php\/wp-json\/wp\/v2\/posts\/128\/revisions\/139"}],"wp:attachment":[{"href":"https:\/\/esia-avocats.fr\/index.php\/wp-json\/wp\/v2\/media?parent=128"}],"wp:term":[{"taxonomy":"category","embeddable":true,"href":"https:\/\/esia-avocats.fr\/index.php\/wp-json\/wp\/v2\/categories?post=128"},{"taxonomy":"post_tag","embeddable":true,"href":"https:\/\/esia-avocats.fr\/index.php\/wp-json\/wp\/v2\/tags?post=128"}],"curies":[{"name":"wp","href":"https:\/\/api.w.org\/{rel}","templated":true}]}}